{"id":1640,"date":"2024-05-27T12:34:53","date_gmt":"2024-05-27T18:34:53","guid":{"rendered":"https:\/\/mybeepy.com\/info\/?p=1640"},"modified":"2024-08-22T14:35:33","modified_gmt":"2024-08-22T20:35:33","slug":"conducir-en-temporada-de-calor-nos-afecta","status":"publish","type":"post","link":"https:\/\/mybeepy.com\/renta-de-autos-para-empresas\/conducir-en-temporada-de-calor-nos-afecta\/","title":{"rendered":"\u00bfConducir en temporada de calor nos afecta?"},"content":{"rendered":"\n<p>La temporada de calor trae consigo una serie de desaf\u00edos para los conductores. <strong>Las altas temperaturas no s\u00f3lo afectan nuestro bienestar, sino que tambi\u00e9n tienen un impacto significativo en nuestra capacidad para conducir de manera segura.<\/strong> Aqu\u00ed exploramos los efectos del calor en la conducci\u00f3n y por qu\u00e9 es crucial tomar precauciones adicionales durante esta \u00e9poca del a\u00f1o.<\/p>\n\n\n\n<h4 class=\"wp-block-heading has-text-color has-link-color wp-elements-b0da8317c9b2a6762072050bcf8bb158\" id=\"h-efectos-del-calor-en-la-conduccion\" style=\"color:#7828cc\">Efectos del calor en la conducci\u00f3n<\/h4>\n\n\n\n<div class=\"wp-block-columns is-layout-flex wp-container-core-columns-layout-1 wp-block-columns-is-layout-flex\">\n<div class=\"wp-block-column is-layout-flow wp-block-column-is-layout-flow\" style=\"flex-basis:30%\">\n<figure class=\"wp-block-image size-large is-style-default\"><img decoding=\"async\" src=\"https:\/\/mybeepy.com\/info\/wp-content\/uploads\/2024\/06\/5-1024x1024.png\" alt=\"c\u00f3mo nos afecta el calor al conducir \/ manejar un auto en M\u00e9xico. conducir con cansancio o somnolencia.\" class=\"wp-image-1679\"\/><\/figure>\n<\/div>\n\n\n\n<div class=\"wp-block-column has-white-background-color has-background is-layout-flow wp-block-column-is-layout-flow\" style=\"flex-basis:60%\">\n<ul>\n<li><strong>Cansancio<\/strong>: El calor agota nuestra energ\u00eda m\u00e1s r\u00e1pidamente, lo que puede provocar una sensaci\u00f3n de fatiga constante al volante. Este cansancio disminuye nuestra capacidad de reacci\u00f3n y aumenta la posibilidad de cometer errores.<\/li>\n<\/ul>\n<\/div>\n<\/div>\n\n\n\n<div class=\"wp-block-columns is-layout-flex wp-container-core-columns-layout-2 wp-block-columns-is-layout-flex\">\n<div class=\"wp-block-column is-layout-flow wp-block-column-is-layout-flow\" style=\"flex-basis:30%\">\n<figure class=\"wp-block-image size-large is-style-default\"><img decoding=\"async\" src=\"https:\/\/mybeepy.com\/info\/wp-content\/uploads\/2024\/06\/6-1024x1024.png\" alt=\"c\u00f3mo nos afecta el calor al conducir \/ manejar un auto en M\u00e9xico. Somnolencia al conducir o conducir cansado\" class=\"wp-image-1680\"\/><\/figure>\n<\/div>\n\n\n\n<div class=\"wp-block-column has-white-background-color has-background is-layout-flow wp-block-column-is-layout-flow\" style=\"flex-basis:60%\">\n<ul>\n<li><strong>Somnolencia<\/strong>: Las altas temperaturas pueden inducir somnolencia, especialmente en viajes largos. Esto se debe a que el cuerpo est\u00e1 trabajando m\u00e1s duro para regular su temperatura interna, lo que puede hacer que nos sintamos m\u00e1s somnolientos de lo habitual.<\/li>\n<\/ul>\n<\/div>\n<\/div>\n\n\n\n<div class=\"wp-block-columns is-layout-flex wp-container-core-columns-layout-3 wp-block-columns-is-layout-flex\">\n<div class=\"wp-block-column is-layout-flow wp-block-column-is-layout-flow\" style=\"flex-basis:30%\">\n<figure class=\"wp-block-image size-large is-style-default\"><img decoding=\"async\" src=\"https:\/\/mybeepy.com\/info\/wp-content\/uploads\/2024\/06\/7-1024x1024.png\" alt=\"c\u00f3mo nos afecta el calor al conducir \/ manejar un auto en M\u00e9xico. agresividad, enojado al manejar conducir un auto\" class=\"wp-image-1681\"\/><\/figure>\n<\/div>\n\n\n\n<div class=\"wp-block-column has-white-background-color has-background is-layout-flow wp-block-column-is-layout-flow\" style=\"flex-basis:60%\">\n<ul>\n<li><strong>Agresividad<\/strong>: El calor puede afectar nuestro estado de \u00e1nimo, incrementando los niveles de irritabilidad y agresividad. Este cambio de humor puede llevar a comportamientos de conducci\u00f3n m\u00e1s arriesgados y menos pacientes, aumentando el riesgo de accidentes.<\/li>\n<\/ul>\n<\/div>\n<\/div>\n\n\n\n<div class=\"wp-block-columns is-layout-flex wp-container-core-columns-layout-4 wp-block-columns-is-layout-flex\">\n<div class=\"wp-block-column is-layout-flow wp-block-column-is-layout-flow\" style=\"flex-basis:30%\">\n<figure class=\"wp-block-image size-large is-style-default\"><img decoding=\"async\" src=\"https:\/\/mybeepy.com\/info\/wp-content\/uploads\/2024\/06\/8-1024x1024.png\" alt=\"c\u00f3mo nos afecta el calor al conducir \/ manejar un auto en M\u00e9xico. Falta de concentraci\u00f3n, menajer distraido, manejar con el celular en mano\" class=\"wp-image-1682\"\/><\/figure>\n<\/div>\n\n\n\n<div class=\"wp-block-column has-white-background-color has-background is-layout-flow wp-block-column-is-layout-flow\" style=\"flex-basis:60%\">\n<ul>\n<li><strong>Falta de concentraci\u00f3n y atenci\u00f3n<\/strong>: Las altas temperaturas afectan nuestra capacidad de concentraci\u00f3n y atenci\u00f3n. Nos volvemos m\u00e1s propensos a distracciones, lo que puede resultar en una conducci\u00f3n menos segura.<\/li>\n<\/ul>\n<\/div>\n<\/div>\n\n\n\n<h4 class=\"wp-block-heading has-text-color has-link-color wp-elements-a1a02236423edd6f50e91c1da2302263\" id=\"h-incremento-del-riesgo-de-accidentes\" style=\"color:#7828cc\">Incremento del riesgo de accidentes<\/h4>\n\n\n\n<p>Las altas temperaturas tambi\u00e9n tienen un efecto directo en las reacciones del conductor. <strong>Con temperaturas superiores a los 35\u00baC, las reacciones al volante pueden ser un 20% m\u00e1s lentas. <\/strong>Este retraso en las reacciones es <strong>comparable a conducir con 0.5 gramos de alcohol en sangre<\/strong>, lo que ilustra claramente el peligro que supone el calor extremo.<\/p>\n\n\n\n<p>Adem\u00e1s, el calor intenso puede afectar el rendimiento del veh\u00edculo, como el sobre-calentamiento del motor o el desgaste m\u00e1s r\u00e1pido de los neum\u00e1ticos (<a href=\"https:\/\/www.firestone.com.mx\/tips-firestone\/tecnologia-de-llantas\/como-afecta-el-calor-a-tus-llantas\/\">\u00bfc\u00f3mo afecta el calor a tus llantas y neum\u00e1ticos?<\/a>), aumentando as\u00ed el riesgo de sufrir alg\u00fan da\u00f1o en el veh\u00edculo o incluso un accidente.<\/p>\n\n\n\n<h4 class=\"wp-block-heading has-text-color has-link-color wp-elements-c6453ed6e54290f6aea859174e35a88b\" id=\"h-recomendaciones-para-conducir-en-calor\" style=\"color:#7828cc\">Recomendaciones para conducir en calor<\/h4>\n\n\n\n<p>Para mitigar estos efectos, es importante seguir algunas recomendaciones:<\/p>\n\n\n\n<ul>\n<li><strong>Mantenerse hidratado<\/strong>: Beber suficiente agua es esencial para mantener la energ\u00eda y la concentraci\u00f3n.<\/li>\n\n\n\n<li><strong>Utilizar aire acondicionado<\/strong>: Mantener una temperatura confortable dentro del veh\u00edculo puede ayudar a reducir la fatiga y la somnolencia.<\/li>\n\n\n\n<li><strong>Descansos frecuentes<\/strong>: Realizar paradas regulares durante viajes largos para descansar y refrescarse.<\/li>\n\n\n\n<li><strong>Evitar las horas de mayor calor<\/strong>: Si es posible, planificar los viajes para las horas m\u00e1s frescas del d\u00eda, como temprano en la ma\u00f1ana o al atardecer.<\/li>\n<\/ul>\n\n\n\n<p>Con estos consejos y una mayor conciencia sobre los efectos del calor, es posible conducir de manera m\u00e1s segura durante la temporada de altas temperaturas. Recuerda, <strong>tu seguridad y la de los dem\u00e1s en la carretera dependen de tu capacidad para adaptarte a las condiciones cambiantes<\/strong>.<\/p>\n\n\n\n<div style=\"height:30px\" aria-hidden=\"true\" class=\"wp-block-spacer\"><\/div>\n\n\n\n<p><\/p>\n","protected":false},"excerpt":{"rendered":"<p>c\u00f3mo nos afecta el calor al conducir \/ manejar un auto en M\u00e9xico<\/p>\n","protected":false},"author":2,"featured_media":1645,"comment_status":"open","ping_status":"open","sticky":false,"template":"","format":"standard","meta":{"_monsterinsights_skip_tracking":false,"_monsterinsights_sitenote_active":false,"_monsterinsights_sitenote_note":"","_monsterinsights_sitenote_category":0,"_uf_show_specific_survey":0,"_uf_disable_surveys":false,"footnotes":""},"categories":[25],"tags":[22,20,115,105,103],"yoast_head":"<!-- This site is optimized with the Yoast SEO Premium plugin v23.4 (Yoast SEO v23.5) - https:\/\/yoast.com\/wordpress\/plugins\/seo\/ -->\n<title>\u00bfConducir en temporada de calor nos afecta?<\/title>\n<meta name=\"description\" content=\"Las altas temperaturas no s\u00f3lo afectan nuestro bienestar, sino que tambi\u00e9n tienen un impacto significativo en nuestra capacidad de conducir..\" \/>\n<meta name=\"robots\" content=\"index, follow, max-snippet:-1, max-image-preview:large, max-video-preview:-1\" \/>\n<link rel=\"canonical\" href=\"https:\/\/mybeepy.com\/renta-de-autos-para-empresas\/conducir-en-temporada-de-calor-nos-afecta\/\" \/>\n<meta property=\"og:locale\" content=\"es_MX\" \/>\n<meta property=\"og:type\" content=\"article\" \/>\n<meta property=\"og:title\" content=\"\u00bfConducir en temporada de calor nos afecta?\" \/>\n<meta property=\"og:description\" content=\"Las altas temperaturas no s\u00f3lo afectan nuestro bienestar, sino que tambi\u00e9n tienen un impacto significativo en nuestra capacidad de conducir..\" \/>\n<meta property=\"og:url\" content=\"https:\/\/mybeepy.com\/renta-de-autos-para-empresas\/conducir-en-temporada-de-calor-nos-afecta\/\" \/>\n<meta property=\"og:site_name\" content=\"Beepy - Renta de Autos en M\u00e9xico\" \/>\n<meta property=\"article:publisher\" content=\"https:\/\/www.facebook.com\/mybeepy\" \/>\n<meta property=\"article:published_time\" content=\"2024-05-27T18:34:53+00:00\" \/>\n<meta property=\"article:modified_time\" content=\"2024-08-22T20:35:33+00:00\" \/>\n<meta property=\"og:image\" content=\"https:\/\/mybeepy.com\/wp-content\/uploads\/2024\/05\/NUEVA-PAG\ud83d\udccd-Wordpress-portadas-de-Blog-941-x-675-px-3-1024x735.png\" \/>\n\t<meta property=\"og:image:width\" content=\"1024\" \/>\n\t<meta property=\"og:image:height\" content=\"735\" \/>\n\t<meta property=\"og:image:type\" content=\"image\/png\" \/>\n<meta name=\"author\" content=\"beepy\" \/>\n<meta name=\"twitter:card\" content=\"summary_large_image\" \/>\n<meta name=\"twitter:creator\" content=\"@MyBeepy\" \/>\n<meta name=\"twitter:site\" content=\"@MyBeepy\" \/>\n<meta name=\"twitter:label1\" content=\"Escrito por\" \/>\n\t<meta name=\"twitter:data1\" content=\"beepy\" \/>\n\t<meta name=\"twitter:label2\" content=\"Tiempo de lectura\" \/>\n\t<meta name=\"twitter:data2\" content=\"3 minutos\" \/>\n<script type=\"application\/ld+json\" class=\"yoast-schema-graph\">{\"@context\":\"https:\/\/schema.org\",\"@graph\":[{\"@type\":\"Article\",\"@id\":\"https:\/\/mybeepy.com\/renta-de-autos-para-empresas\/conducir-en-temporada-de-calor-nos-afecta\/#article\",\"isPartOf\":{\"@id\":\"https:\/\/mybeepy.com\/renta-de-autos-para-empresas\/conducir-en-temporada-de-calor-nos-afecta\/\"},\"author\":{\"name\":\"beepy\",\"@id\":\"https:\/\/mybeepy.com\/renta-de-autos-para-empresas\/#\/schema\/person\/b12296d8dc59f2966a17079e568b7d0f\"},\"headline\":\"\u00bfConducir en temporada de calor nos afecta?\",\"datePublished\":\"2024-05-27T18:34:53+00:00\",\"dateModified\":\"2024-08-22T20:35:33+00:00\",\"mainEntityOfPage\":{\"@id\":\"https:\/\/mybeepy.com\/renta-de-autos-para-empresas\/conducir-en-temporada-de-calor-nos-afecta\/\"},\"wordCount\":488,\"commentCount\":0,\"publisher\":{\"@id\":\"https:\/\/mybeepy.com\/renta-de-autos-para-empresas\/#organization\"},\"image\":{\"@id\":\"https:\/\/mybeepy.com\/renta-de-autos-para-empresas\/conducir-en-temporada-de-calor-nos-afecta\/#primaryimage\"},\"thumbnailUrl\":\"https:\/\/mybeepy.com\/wp-content\/uploads\/2024\/05\/NUEVA-PAG\ud83d\udccd-Wordpress-portadas-de-Blog-941-x-675-px-3.png\",\"keywords\":[\"app\",\"autos\",\"roadtrip\",\"vacaciones\",\"viaje\"],\"articleSection\":[\"Salud\"],\"inLanguage\":\"es-MX\",\"potentialAction\":[{\"@type\":\"CommentAction\",\"name\":\"Comment\",\"target\":[\"https:\/\/mybeepy.com\/renta-de-autos-para-empresas\/conducir-en-temporada-de-calor-nos-afecta\/#respond\"]}]},{\"@type\":\"WebPage\",\"@id\":\"https:\/\/mybeepy.com\/renta-de-autos-para-empresas\/conducir-en-temporada-de-calor-nos-afecta\/\",\"url\":\"https:\/\/mybeepy.com\/renta-de-autos-para-empresas\/conducir-en-temporada-de-calor-nos-afecta\/\",\"name\":\"\u00bfConducir en temporada de calor nos afecta?\",\"isPartOf\":{\"@id\":\"https:\/\/mybeepy.com\/renta-de-autos-para-empresas\/#website\"},\"primaryImageOfPage\":{\"@id\":\"https:\/\/mybeepy.com\/renta-de-autos-para-empresas\/conducir-en-temporada-de-calor-nos-afecta\/#primaryimage\"},\"image\":{\"@id\":\"https:\/\/mybeepy.com\/renta-de-autos-para-empresas\/conducir-en-temporada-de-calor-nos-afecta\/#primaryimage\"},\"thumbnailUrl\":\"https:\/\/mybeepy.com\/wp-content\/uploads\/2024\/05\/NUEVA-PAG\ud83d\udccd-Wordpress-portadas-de-Blog-941-x-675-px-3.png\",\"datePublished\":\"2024-05-27T18:34:53+00:00\",\"dateModified\":\"2024-08-22T20:35:33+00:00\",\"description\":\"Las altas temperaturas no s\u00f3lo afectan nuestro bienestar, sino que tambi\u00e9n tienen un impacto significativo en nuestra capacidad de conducir..\",\"breadcrumb\":{\"@id\":\"https:\/\/mybeepy.com\/renta-de-autos-para-empresas\/conducir-en-temporada-de-calor-nos-afecta\/#breadcrumb\"},\"inLanguage\":\"es-MX\",\"potentialAction\":[{\"@type\":\"ReadAction\",\"target\":[\"https:\/\/mybeepy.com\/renta-de-autos-para-empresas\/conducir-en-temporada-de-calor-nos-afecta\/\"]}]},{\"@type\":\"ImageObject\",\"inLanguage\":\"es-MX\",\"@id\":\"https:\/\/mybeepy.com\/renta-de-autos-para-empresas\/conducir-en-temporada-de-calor-nos-afecta\/#primaryimage\",\"url\":\"https:\/\/mybeepy.com\/wp-content\/uploads\/2024\/05\/NUEVA-PAG\ud83d\udccd-Wordpress-portadas-de-Blog-941-x-675-px-3.png\",\"contentUrl\":\"https:\/\/mybeepy.com\/wp-content\/uploads\/2024\/05\/NUEVA-PAG\ud83d\udccd-Wordpress-portadas-de-Blog-941-x-675-px-3.png\",\"width\":2940,\"height\":2109},{\"@type\":\"BreadcrumbList\",\"@id\":\"https:\/\/mybeepy.com\/renta-de-autos-para-empresas\/conducir-en-temporada-de-calor-nos-afecta\/#breadcrumb\",\"itemListElement\":[{\"@type\":\"ListItem\",\"position\":1,\"name\":\"Inicio\",\"item\":\"https:\/\/mybeepy.com\/renta-de-autos-para-empresas\/\"},{\"@type\":\"ListItem\",\"position\":2,\"name\":\"\u00bfConducir en temporada de calor nos afecta?\"}]},{\"@type\":\"WebSite\",\"@id\":\"https:\/\/mybeepy.com\/renta-de-autos-para-empresas\/#website\",\"url\":\"https:\/\/mybeepy.com\/renta-de-autos-para-empresas\/\",\"name\":\"Beepy\",\"description\":\"Renta de autos para empresas y particulares | Accede a tarifas m\u00e1s competitivas y disfruta de una experiencia de viaje completamente personalizada y flexible. Con Seguro Amplio, sin costos sorpresa y sin filas. Optimiza la movilidad de tu empresa. Reserva f\u00e1cil desde nuestra app m\u00f3vil.\",\"publisher\":{\"@id\":\"https:\/\/mybeepy.com\/renta-de-autos-para-empresas\/#organization\"},\"potentialAction\":[{\"@type\":\"SearchAction\",\"target\":{\"@type\":\"EntryPoint\",\"urlTemplate\":\"https:\/\/mybeepy.com\/renta-de-autos-para-empresas\/?s={search_term_string}\"},\"query-input\":{\"@type\":\"PropertyValueSpecification\",\"valueRequired\":true,\"valueName\":\"search_term_string\"}}],\"inLanguage\":\"es-MX\"},{\"@type\":\"Organization\",\"@id\":\"https:\/\/mybeepy.com\/renta-de-autos-para-empresas\/#organization\",\"name\":\"Beepy Share\",\"url\":\"https:\/\/mybeepy.com\/renta-de-autos-para-empresas\/\",\"logo\":{\"@type\":\"ImageObject\",\"inLanguage\":\"es-MX\",\"@id\":\"https:\/\/mybeepy.com\/renta-de-autos-para-empresas\/#\/schema\/logo\/image\/\",\"url\":\"https:\/\/mybeepy.com\/wp-content\/uploads\/2024\/08\/beepy_logo-blanco-PNG.png\",\"contentUrl\":\"https:\/\/mybeepy.com\/wp-content\/uploads\/2024\/08\/beepy_logo-blanco-PNG.png\",\"width\":565,\"height\":125,\"caption\":\"Beepy Share\"},\"image\":{\"@id\":\"https:\/\/mybeepy.com\/renta-de-autos-para-empresas\/#\/schema\/logo\/image\/\"},\"sameAs\":[\"https:\/\/www.facebook.com\/mybeepy\",\"https:\/\/x.com\/MyBeepy\",\"https:\/\/www.instagram.com\/mybeepy\/\",\"https:\/\/www.tiktok.com\/@mybeepymx\"]},{\"@type\":\"Person\",\"@id\":\"https:\/\/mybeepy.com\/renta-de-autos-para-empresas\/#\/schema\/person\/b12296d8dc59f2966a17079e568b7d0f\",\"name\":\"beepy\",\"image\":{\"@type\":\"ImageObject\",\"inLanguage\":\"es-MX\",\"@id\":\"https:\/\/mybeepy.com\/renta-de-autos-para-empresas\/#\/schema\/person\/image\/\",\"url\":\"https:\/\/secure.gravatar.com\/avatar\/76ad62ba6e5d8a12db47fd1404dbf189?s=96&d=mm&r=g\",\"contentUrl\":\"https:\/\/secure.gravatar.com\/avatar\/76ad62ba6e5d8a12db47fd1404dbf189?s=96&d=mm&r=g\",\"caption\":\"beepy\"},\"url\":\"https:\/\/mybeepy.com\/renta-de-autos-para-empresas\/author\/beepy\/\"}]}<\/script>\n<!-- \/ Yoast SEO Premium plugin. -->","yoast_head_json":{"title":"\u00bfConducir en temporada de calor nos afecta?","description":"Las altas temperaturas no s\u00f3lo afectan nuestro bienestar, sino que tambi\u00e9n tienen un impacto significativo en nuestra capacidad de conducir..","robots":{"index":"index","follow":"follow","max-snippet":"max-snippet:-1","max-image-preview":"max-image-preview:large","max-video-preview":"max-video-preview:-1"},"canonical":"https:\/\/mybeepy.com\/renta-de-autos-para-empresas\/conducir-en-temporada-de-calor-nos-afecta\/","og_locale":"es_MX","og_type":"article","og_title":"\u00bfConducir en temporada de calor nos afecta?","og_description":"Las altas temperaturas no s\u00f3lo afectan nuestro bienestar, sino que tambi\u00e9n tienen un impacto significativo en nuestra capacidad de conducir..","og_url":"https:\/\/mybeepy.com\/renta-de-autos-para-empresas\/conducir-en-temporada-de-calor-nos-afecta\/","og_site_name":"Beepy - Renta de Autos en M\u00e9xico","article_publisher":"https:\/\/www.facebook.com\/mybeepy","article_published_time":"2024-05-27T18:34:53+00:00","article_modified_time":"2024-08-22T20:35:33+00:00","og_image":[{"width":1024,"height":735,"url":"https:\/\/mybeepy.com\/wp-content\/uploads\/2024\/05\/NUEVA-PAG\ud83d\udccd-Wordpress-portadas-de-Blog-941-x-675-px-3-1024x735.png","type":"image\/png"}],"author":"beepy","twitter_card":"summary_large_image","twitter_creator":"@MyBeepy","twitter_site":"@MyBeepy","twitter_misc":{"Escrito por":"beepy","Tiempo de lectura":"3 minutos"},"schema":{"@context":"https:\/\/schema.org","@graph":[{"@type":"Article","@id":"https:\/\/mybeepy.com\/renta-de-autos-para-empresas\/conducir-en-temporada-de-calor-nos-afecta\/#article","isPartOf":{"@id":"https:\/\/mybeepy.com\/renta-de-autos-para-empresas\/conducir-en-temporada-de-calor-nos-afecta\/"},"author":{"name":"beepy","@id":"https:\/\/mybeepy.com\/renta-de-autos-para-empresas\/#\/schema\/person\/b12296d8dc59f2966a17079e568b7d0f"},"headline":"\u00bfConducir en temporada de calor nos afecta?","datePublished":"2024-05-27T18:34:53+00:00","dateModified":"2024-08-22T20:35:33+00:00","mainEntityOfPage":{"@id":"https:\/\/mybeepy.com\/renta-de-autos-para-empresas\/conducir-en-temporada-de-calor-nos-afecta\/"},"wordCount":488,"commentCount":0,"publisher":{"@id":"https:\/\/mybeepy.com\/renta-de-autos-para-empresas\/#organization"},"image":{"@id":"https:\/\/mybeepy.com\/renta-de-autos-para-empresas\/conducir-en-temporada-de-calor-nos-afecta\/#primaryimage"},"thumbnailUrl":"https:\/\/mybeepy.com\/wp-content\/uploads\/2024\/05\/NUEVA-PAG\ud83d\udccd-Wordpress-portadas-de-Blog-941-x-675-px-3.png","keywords":["app","autos","roadtrip","vacaciones","viaje"],"articleSection":["Salud"],"inLanguage":"es-MX","potentialAction":[{"@type":"CommentAction","name":"Comment","target":["https:\/\/mybeepy.com\/renta-de-autos-para-empresas\/conducir-en-temporada-de-calor-nos-afecta\/#respond"]}]},{"@type":"WebPage","@id":"https:\/\/mybeepy.com\/renta-de-autos-para-empresas\/conducir-en-temporada-de-calor-nos-afecta\/","url":"https:\/\/mybeepy.com\/renta-de-autos-para-empresas\/conducir-en-temporada-de-calor-nos-afecta\/","name":"\u00bfConducir en temporada de calor nos afecta?","isPartOf":{"@id":"https:\/\/mybeepy.com\/renta-de-autos-para-empresas\/#website"},"primaryImageOfPage":{"@id":"https:\/\/mybeepy.com\/renta-de-autos-para-empresas\/conducir-en-temporada-de-calor-nos-afecta\/#primaryimage"},"image":{"@id":"https:\/\/mybeepy.com\/renta-de-autos-para-empresas\/conducir-en-temporada-de-calor-nos-afecta\/#primaryimage"},"thumbnailUrl":"https:\/\/mybeepy.com\/wp-content\/uploads\/2024\/05\/NUEVA-PAG\ud83d\udccd-Wordpress-portadas-de-Blog-941-x-675-px-3.png","datePublished":"2024-05-27T18:34:53+00:00","dateModified":"2024-08-22T20:35:33+00:00","description":"Las altas temperaturas no s\u00f3lo afectan nuestro bienestar, sino que tambi\u00e9n tienen un impacto significativo en nuestra capacidad de conducir..","breadcrumb":{"@id":"https:\/\/mybeepy.com\/renta-de-autos-para-empresas\/conducir-en-temporada-de-calor-nos-afecta\/#breadcrumb"},"inLanguage":"es-MX","potentialAction":[{"@type":"ReadAction","target":["https:\/\/mybeepy.com\/renta-de-autos-para-empresas\/conducir-en-temporada-de-calor-nos-afecta\/"]}]},{"@type":"ImageObject","inLanguage":"es-MX","@id":"https:\/\/mybeepy.com\/renta-de-autos-para-empresas\/conducir-en-temporada-de-calor-nos-afecta\/#primaryimage","url":"https:\/\/mybeepy.com\/wp-content\/uploads\/2024\/05\/NUEVA-PAG\ud83d\udccd-Wordpress-portadas-de-Blog-941-x-675-px-3.png","contentUrl":"https:\/\/mybeepy.com\/wp-content\/uploads\/2024\/05\/NUEVA-PAG\ud83d\udccd-Wordpress-portadas-de-Blog-941-x-675-px-3.png","width":2940,"height":2109},{"@type":"BreadcrumbList","@id":"https:\/\/mybeepy.com\/renta-de-autos-para-empresas\/conducir-en-temporada-de-calor-nos-afecta\/#breadcrumb","itemListElement":[{"@type":"ListItem","position":1,"name":"Inicio","item":"https:\/\/mybeepy.com\/renta-de-autos-para-empresas\/"},{"@type":"ListItem","position":2,"name":"\u00bfConducir en temporada de calor nos afecta?"}]},{"@type":"WebSite","@id":"https:\/\/mybeepy.com\/renta-de-autos-para-empresas\/#website","url":"https:\/\/mybeepy.com\/renta-de-autos-para-empresas\/","name":"Beepy","description":"Renta de autos para empresas y particulares | Accede a tarifas m\u00e1s competitivas y disfruta de una experiencia de viaje completamente personalizada y flexible. Con Seguro Amplio, sin costos sorpresa y sin filas. Optimiza la movilidad de tu empresa. Reserva f\u00e1cil desde nuestra app m\u00f3vil.","publisher":{"@id":"https:\/\/mybeepy.com\/renta-de-autos-para-empresas\/#organization"},"potentialAction":[{"@type":"SearchAction","target":{"@type":"EntryPoint","urlTemplate":"https:\/\/mybeepy.com\/renta-de-autos-para-empresas\/?s={search_term_string}"},"query-input":{"@type":"PropertyValueSpecification","valueRequired":true,"valueName":"search_term_string"}}],"inLanguage":"es-MX"},{"@type":"Organization","@id":"https:\/\/mybeepy.com\/renta-de-autos-para-empresas\/#organization","name":"Beepy Share","url":"https:\/\/mybeepy.com\/renta-de-autos-para-empresas\/","logo":{"@type":"ImageObject","inLanguage":"es-MX","@id":"https:\/\/mybeepy.com\/renta-de-autos-para-empresas\/#\/schema\/logo\/image\/","url":"https:\/\/mybeepy.com\/wp-content\/uploads\/2024\/08\/beepy_logo-blanco-PNG.png","contentUrl":"https:\/\/mybeepy.com\/wp-content\/uploads\/2024\/08\/beepy_logo-blanco-PNG.png","width":565,"height":125,"caption":"Beepy Share"},"image":{"@id":"https:\/\/mybeepy.com\/renta-de-autos-para-empresas\/#\/schema\/logo\/image\/"},"sameAs":["https:\/\/www.facebook.com\/mybeepy","https:\/\/x.com\/MyBeepy","https:\/\/www.instagram.com\/mybeepy\/","https:\/\/www.tiktok.com\/@mybeepymx"]},{"@type":"Person","@id":"https:\/\/mybeepy.com\/renta-de-autos-para-empresas\/#\/schema\/person\/b12296d8dc59f2966a17079e568b7d0f","name":"beepy","image":{"@type":"ImageObject","inLanguage":"es-MX","@id":"https:\/\/mybeepy.com\/renta-de-autos-para-empresas\/#\/schema\/person\/image\/","url":"https:\/\/secure.gravatar.com\/avatar\/76ad62ba6e5d8a12db47fd1404dbf189?s=96&d=mm&r=g","contentUrl":"https:\/\/secure.gravatar.com\/avatar\/76ad62ba6e5d8a12db47fd1404dbf189?s=96&d=mm&r=g","caption":"beepy"},"url":"https:\/\/mybeepy.com\/renta-de-autos-para-empresas\/author\/beepy\/"}]}},"_links":{"self":[{"href":"https:\/\/mybeepy.com\/renta-de-autos-para-empresas\/wp-json\/wp\/v2\/posts\/1640"}],"collection":[{"href":"https:\/\/mybeepy.com\/renta-de-autos-para-empresas\/wp-json\/wp\/v2\/posts"}],"about":[{"href":"https:\/\/mybeepy.com\/renta-de-autos-para-empresas\/wp-json\/wp\/v2\/types\/post"}],"author":[{"embeddable":true,"href":"https:\/\/mybeepy.com\/renta-de-autos-para-empresas\/wp-json\/wp\/v2\/users\/2"}],"replies":[{"embeddable":true,"href":"https:\/\/mybeepy.com\/renta-de-autos-para-empresas\/wp-json\/wp\/v2\/comments?post=1640"}],"version-history":[{"count":5,"href":"https:\/\/mybeepy.com\/renta-de-autos-para-empresas\/wp-json\/wp\/v2\/posts\/1640\/revisions"}],"predecessor-version":[{"id":2408,"href":"https:\/\/mybeepy.com\/renta-de-autos-para-empresas\/wp-json\/wp\/v2\/posts\/1640\/revisions\/2408"}],"wp:featuredmedia":[{"embeddable":true,"href":"https:\/\/mybeepy.com\/renta-de-autos-para-empresas\/wp-json\/wp\/v2\/media\/1645"}],"wp:attachment":[{"href":"https:\/\/mybeepy.com\/renta-de-autos-para-empresas\/wp-json\/wp\/v2\/media?parent=1640"}],"wp:term":[{"taxonomy":"category","embeddable":true,"href":"https:\/\/mybeepy.com\/renta-de-autos-para-empresas\/wp-json\/wp\/v2\/categories?post=1640"},{"taxonomy":"post_tag","embeddable":true,"href":"https:\/\/mybeepy.com\/renta-de-autos-para-empresas\/wp-json\/wp\/v2\/tags?post=1640"}],"curies":[{"name":"wp","href":"https:\/\/api.w.org\/{rel}","templated":true}]}}