{"id":569,"date":"2023-02-28T13:00:25","date_gmt":"2023-02-28T19:00:25","guid":{"rendered":"https:\/\/www.mybeepy.com\/info\/?p=569"},"modified":"2023-02-28T13:01:31","modified_gmt":"2023-02-28T19:01:31","slug":"lugares-a-los-que-tienes-que-ir-antes-de-que-acabe-el-invierno","status":"publish","type":"post","link":"https:\/\/mybeepy.com\/renta-de-autos-para-empresas\/lugares-a-los-que-tienes-que-ir-antes-de-que-acabe-el-invierno\/","title":{"rendered":"Lugares a los que tienes que ir antes de que acabe el invierno"},"content":{"rendered":"\n<p>M\u00e9xico no es un pa\u00eds que se caracterice por ofrecer variedad de paisajes nevados en invierno; sin embargo, los pocos que ofrece, definitivamente son los m\u00e1s bellos en el continente. Si quieres disfrutar de lo que resta de la temporada fr\u00eda, guarda esta lista de los lugares a los que tienes que ir antes de que acabe el invierno.<\/p>\n\n\n\n<h2 class=\"wp-block-heading\">Los alpes suizos de M\u00e9xico<\/h2>\n\n\n\n<p>Al sureste de Coahuila existe un lugar de ensue\u00f1o que ofrece paisajes y climas dignos de un sue\u00f1o. En Arteaga existe un lugar en las monta\u00f1as llamado Bosques de Monterreal, en donde podr\u00e1s ver \u00e1rboles alt\u00edsimos y el piso cubierto de nieve (si te toca temporada), o un clima fr\u00edo, digno de una tarde chimenea y c\u00e1lidas reuniones en familia o en pareja.<\/p>\n\n\n\n<p>Monterreal tiene varias pistas de esqui y actividades que te har\u00e1n pasar una experiencia inolvidable. \u00c9ste es el \u00fanico lugar de M\u00e9xico en donde puedes encontrar las condiciones e infraestructura. Puedes disfrutar en paquete rentando una caba\u00f1a, o s\u00f3lo hacer uso de las instalaciones para deporte.<\/p>\n\n\n\n<div class=\"wp-block-image is-style-rounded\"><figure class=\"aligncenter size-full is-resized\"><img fetchpriority=\"high\" decoding=\"async\" src=\"https:\/\/www.mybeepy.com\/info\/wp-content\/uploads\/2023\/02\/monterreal.jpeg\" alt=\"\" class=\"wp-image-570\" width=\"497\" height=\"331\" srcset=\"https:\/\/mybeepy.com\/wp-content\/uploads\/2023\/02\/monterreal.jpeg 900w, https:\/\/mybeepy.com\/wp-content\/uploads\/2023\/02\/monterreal-450x300.jpeg 450w, https:\/\/mybeepy.com\/wp-content\/uploads\/2023\/02\/monterreal-768x512.jpeg 768w\" sizes=\"(max-width: 497px) 85vw, 497px\" \/><figcaption>Caba\u00f1as en Bosques de Monterreal<\/figcaption><\/figure><\/div>\n\n\n\n<h2 class=\"wp-block-heading\">Lagos de Moreno&nbsp;<\/h2>\n\n\n\n<p>Aqu\u00ed podr\u00e1s encontrar un clima sumamente agradable en invierno. Este pueblo m\u00e1gico se ubica a 186 km de Guadalajara, caracterizado por su arquitectura \u00fanica, Lagos de Moreno es uno de los destinos favoritos de propios y extra\u00f1os.<\/p>\n\n\n\n<p>Puedes hospedarte en alguna de las haciendas que fueron convertidas en hoteles y crear el ambiente perfecto para descansar con un clima fresco y acogedor. No olvide probar el queso artesanal que los pobladores comercializan, es de los mejores de M\u00e9xico.<\/p>\n\n\n\n<div class=\"wp-block-image is-style-rounded\"><figure class=\"aligncenter size-full is-resized\"><img decoding=\"async\" src=\"https:\/\/www.mybeepy.com\/info\/wp-content\/uploads\/2023\/02\/lagos.jpeg\" alt=\"\" class=\"wp-image-571\" width=\"531\" height=\"319\" srcset=\"https:\/\/mybeepy.com\/wp-content\/uploads\/2023\/02\/lagos.jpeg 650w, https:\/\/mybeepy.com\/wp-content\/uploads\/2023\/02\/lagos-450x270.jpeg 450w\" sizes=\"(max-width: 531px) 85vw, 531px\" \/><figcaption>El clima perfecto<\/figcaption><\/figure><\/div>\n\n\n\n<h2 class=\"wp-block-heading\">Un valle muy bravo<\/h2>\n\n\n\n<p>El Estado de M\u00e9xico tiene un sinf\u00edn de opciones para pasar momentos agradables. Pero, sin duda alguna, en temporada de fr\u00edo la mejor elecci\u00f3n es ir a Valle de Bravo. Nada como una fogata frente al lago, para disfrutar las temperaturas de 10\u00b0 o menos en compa\u00f1\u00eda de amigos y\/o pareja.<\/p>\n\n\n\n<p>Sus calles empedradas te crear\u00e1n el escenario id\u00f3neo para largas y tranquilas caminatas, mientras disfrutas del paisaje y la arquitectura; sin embargo existe un contraste muy curioso, pues, por un lado te ofrece calma y por otro aventura, ya que es uno de los lugares especiales para los deportes extremos en el pa\u00eds.\u00a0<\/p>\n\n\n\n<div class=\"wp-block-image is-style-rounded\"><figure class=\"aligncenter size-large is-resized\"><img decoding=\"async\" src=\"https:\/\/www.mybeepy.com\/info\/wp-content\/uploads\/2023\/02\/valle-de-1024x538.jpeg\" alt=\"\" class=\"wp-image-572\" width=\"475\" height=\"249\" srcset=\"https:\/\/mybeepy.com\/wp-content\/uploads\/2023\/02\/valle-de-1024x538.jpeg 1024w, https:\/\/mybeepy.com\/wp-content\/uploads\/2023\/02\/valle-de-450x236.jpeg 450w, https:\/\/mybeepy.com\/wp-content\/uploads\/2023\/02\/valle-de-768x403.jpeg 768w, https:\/\/mybeepy.com\/wp-content\/uploads\/2023\/02\/valle-de.jpeg 1200w\" sizes=\"(max-width: 475px) 85vw, 475px\" \/><figcaption>Romance y calidez<\/figcaption><\/figure><\/div>\n\n\n\n<h2 class=\"wp-block-heading\">Un paseo en el Chepe<\/h2>\n\n\n\n<p>No pod\u00eda quedar fuera el lugar en donde por excelencia se disfruta m\u00e1s de la temporada invernal, cual si estuvieras en Alaska. Barrancas del Cobre, en Chihuahua tiene, adem\u00e1s de una amplia extensi\u00f3n territorial y distintos tipos de relieves, ya sea para caminar, correr, trotar, escalar o andar en bicicleta.<\/p>\n\n\n\n<p>Las monta\u00f1as de la sierra Tarahumara que recorre el Chepe en invierno llegan a temperaturas bajo cero que provocan nevadas intensas, por lo que, si corres con suerte de ir en la temporada del pico invernal, podr\u00e1s disfrutar de paisajes totalmente blancos. Viajar en el ferrocarril de pasajeros es una experiencia que debes vivir s\u00ed o s\u00ed.<\/p>\n\n\n\n<div class=\"wp-block-image is-style-rounded\"><figure class=\"aligncenter size-large is-resized\"><img loading=\"lazy\" decoding=\"async\" src=\"https:\/\/www.mybeepy.com\/info\/wp-content\/uploads\/2023\/02\/chepe-1024x671.webp\" alt=\"\" class=\"wp-image-573\" width=\"457\" height=\"299\" srcset=\"https:\/\/mybeepy.com\/wp-content\/uploads\/2023\/02\/chepe-1024x671.webp 1024w, https:\/\/mybeepy.com\/wp-content\/uploads\/2023\/02\/chepe-450x295.webp 450w, https:\/\/mybeepy.com\/wp-content\/uploads\/2023\/02\/chepe-768x503.webp 768w, https:\/\/mybeepy.com\/wp-content\/uploads\/2023\/02\/chepe.webp 1200w\" sizes=\"(max-width: 457px) 85vw, 457px\" \/><figcaption>Vistas de pel\u00edcula<\/figcaption><\/figure><\/div>\n\n\n\n<h2 class=\"wp-block-heading\">Nevado de Toluca<\/h2>\n\n\n\n<p>La monta\u00f1a nevada m\u00e1s conocida en el pa\u00eds te espera para que vivas aventuras extremas. Disfruta de lo que queda del fr\u00edo y visita este ic\u00f3nico punto del pa\u00eds.<\/p>\n\n\n\n<p>Ponte como meta llegar hasta el cr\u00e1ter del volc\u00e1n y r\u00e9tate a ti mismo.No olvides llevar&nbsp;<\/p>\n\n\n\n<p>protecci\u00f3n solar, tenis o botas, agua, alimentos que te den energ\u00eda. Y obviamente la ropa adecuada para el lugar: camisa, su\u00e9ter, chamarra y guantes y prendas gruesas,\u00a0 para no sufrir del fr\u00edo.<\/p>\n\n\n\n<div class=\"wp-block-image is-style-rounded\"><figure class=\"aligncenter size-full is-resized\"><img loading=\"lazy\" decoding=\"async\" src=\"https:\/\/www.mybeepy.com\/info\/wp-content\/uploads\/2023\/02\/nevado.webp\" alt=\"\" class=\"wp-image-574\" width=\"564\" height=\"277\" srcset=\"https:\/\/mybeepy.com\/wp-content\/uploads\/2023\/02\/nevado.webp 815w, https:\/\/mybeepy.com\/wp-content\/uploads\/2023\/02\/nevado-450x221.webp 450w, https:\/\/mybeepy.com\/wp-content\/uploads\/2023\/02\/nevado-768x377.webp 768w\" sizes=\"(max-width: 564px) 85vw, 564px\" \/><figcaption>Un reto peronal<\/figcaption><\/figure><\/div>\n\n\n\n<p>\u00bfYa has visitado alguno de estos lugares? Haz un viaje corto y disfruta al m\u00e1ximo el friecito que a\u00fan podemos sentir de la temporada. <a href=\"https:\/\/www.mybeepy.com\/info\/todo-lo-que-necesitas-saber-para-rentar-un-auto-en-beepy\/\">Renta un aut<\/a>o y para que viajes seguro, no querr\u00e1s quedarte varado.<\/p>\n\n\n\n<p>Descarga Beepy y obt\u00e9n el auto perfecto al precio justo, somos el airbnb, pero de autos en M\u00e9xico.<\/p>\n\n\n\n<div class=\"wp-block-buttons is-layout-flex wp-block-buttons-is-layout-flex\">\n<div class=\"wp-block-button is-style-outline\"><a class=\"wp-block-button__link\" href=\"https:\/\/apps.apple.com\/us\/app\/beepy\/id1493999927\">iOS<\/a><\/div>\n\n\n\n<div class=\"wp-block-button is-style-outline\"><a class=\"wp-block-button__link\" href=\"https:\/\/play.google.com\/store\/apps\/details?id=com.sferea.beepy&amp;pli=1\">Android<\/a><\/div>\n<\/div>\n\n\n\n<p><\/p>\n","protected":false},"excerpt":{"rendered":"<p>M\u00e9xico no es un pa\u00eds que se caracterice por ofrecer variedad de paisajes nevados en invierno; sin embargo, los pocos que ofrece, definitivamente son los m\u00e1s bellos en el continente. Si quieres disfrutar de lo que resta de la temporada fr\u00eda, guarda esta lista de los lugares a los que tienes que ir antes de &hellip; <a href=\"https:\/\/mybeepy.com\/renta-de-autos-para-empresas\/lugares-a-los-que-tienes-que-ir-antes-de-que-acabe-el-invierno\/\" class=\"more-link\">Continue reading<span class=\"screen-reader-text\"> &#8220;Lugares a los que tienes que ir antes de que acabe el invierno&#8221;<\/span><\/a><\/p>\n","protected":false},"author":2,"featured_media":575,"comment_status":"open","ping_status":"open","sticky":false,"template":"","format":"standard","meta":{"_monsterinsights_skip_tracking":false,"_monsterinsights_sitenote_active":false,"_monsterinsights_sitenote_note":"","_monsterinsights_sitenote_category":0,"_uf_show_specific_survey":0,"_uf_disable_surveys":false,"footnotes":""},"categories":[11],"tags":[17,186,185,183,171,184,35,115,105,103],"yoast_head":"<!-- This site is optimized with the Yoast SEO Premium plugin v23.4 (Yoast SEO v23.5) - https:\/\/yoast.com\/wordpress\/plugins\/seo\/ -->\n<title>Lugares a los que tienes que ir antes de que acabe el invierno - Beepy - Renta de Autos en M\u00e9xico<\/title>\n<meta name=\"description\" content=\"Disfruta de lo que resta de la temporada fr\u00eda, guarda esta lista de los lugares a los que tienes que ir antes de que acabe el invierno.\" \/>\n<meta name=\"robots\" content=\"index, follow, max-snippet:-1, max-image-preview:large, max-video-preview:-1\" \/>\n<link rel=\"canonical\" href=\"https:\/\/mybeepy.com\/renta-de-autos-para-empresas\/lugares-a-los-que-tienes-que-ir-antes-de-que-acabe-el-invierno\/\" \/>\n<meta property=\"og:locale\" content=\"es_MX\" \/>\n<meta property=\"og:type\" content=\"article\" \/>\n<meta property=\"og:title\" content=\"Lugares a los que tienes que ir antes de que acabe el invierno\" \/>\n<meta property=\"og:description\" content=\"Disfruta de lo que resta de la temporada fr\u00eda, guarda esta lista de los lugares a los que tienes que ir antes de que acabe el invierno.\" \/>\n<meta property=\"og:url\" content=\"https:\/\/mybeepy.com\/renta-de-autos-para-empresas\/lugares-a-los-que-tienes-que-ir-antes-de-que-acabe-el-invierno\/\" \/>\n<meta property=\"og:site_name\" content=\"Beepy - Renta de Autos en M\u00e9xico\" \/>\n<meta property=\"article:publisher\" content=\"https:\/\/www.facebook.com\/mybeepy\" \/>\n<meta property=\"article:published_time\" content=\"2023-02-28T19:00:25+00:00\" \/>\n<meta property=\"article:modified_time\" content=\"2023-02-28T19:01:31+00:00\" \/>\n<meta property=\"og:image\" content=\"https:\/\/mybeepy.com\/wp-content\/uploads\/2023\/02\/viaje-invierno.png\" \/>\n\t<meta property=\"og:image:width\" content=\"1200\" \/>\n\t<meta property=\"og:image:height\" content=\"400\" \/>\n\t<meta property=\"og:image:type\" content=\"image\/png\" \/>\n<meta name=\"author\" content=\"beepy\" \/>\n<meta name=\"twitter:card\" content=\"summary_large_image\" \/>\n<meta name=\"twitter:creator\" content=\"@MyBeepy\" \/>\n<meta name=\"twitter:site\" content=\"@MyBeepy\" \/>\n<meta name=\"twitter:label1\" content=\"Escrito por\" \/>\n\t<meta name=\"twitter:data1\" content=\"beepy\" \/>\n\t<meta name=\"twitter:label2\" content=\"Tiempo de lectura\" \/>\n\t<meta name=\"twitter:data2\" content=\"4 minutos\" \/>\n<script type=\"application\/ld+json\" class=\"yoast-schema-graph\">{\"@context\":\"https:\/\/schema.org\",\"@graph\":[{\"@type\":\"Article\",\"@id\":\"https:\/\/mybeepy.com\/renta-de-autos-para-empresas\/lugares-a-los-que-tienes-que-ir-antes-de-que-acabe-el-invierno\/#article\",\"isPartOf\":{\"@id\":\"https:\/\/mybeepy.com\/renta-de-autos-para-empresas\/lugares-a-los-que-tienes-que-ir-antes-de-que-acabe-el-invierno\/\"},\"author\":{\"name\":\"beepy\",\"@id\":\"https:\/\/mybeepy.com\/renta-de-autos-para-empresas\/#\/schema\/person\/b12296d8dc59f2966a17079e568b7d0f\"},\"headline\":\"Lugares a los que tienes que ir antes de que acabe el invierno\",\"datePublished\":\"2023-02-28T19:00:25+00:00\",\"dateModified\":\"2023-02-28T19:01:31+00:00\",\"mainEntityOfPage\":{\"@id\":\"https:\/\/mybeepy.com\/renta-de-autos-para-empresas\/lugares-a-los-que-tienes-que-ir-antes-de-que-acabe-el-invierno\/\"},\"wordCount\":696,\"commentCount\":0,\"publisher\":{\"@id\":\"https:\/\/mybeepy.com\/renta-de-autos-para-empresas\/#organization\"},\"image\":{\"@id\":\"https:\/\/mybeepy.com\/renta-de-autos-para-empresas\/lugares-a-los-que-tienes-que-ir-antes-de-que-acabe-el-invierno\/#primaryimage\"},\"thumbnailUrl\":\"https:\/\/mybeepy.com\/wp-content\/uploads\/2023\/02\/viaje-invierno.png\",\"keywords\":[\"Auto\",\"descanso\",\"fr\u00edo\",\"invierno\",\"lugares\",\"nieve\",\"pareja\",\"roadtrip\",\"vacaciones\",\"viaje\"],\"articleSection\":[\"Estilo de vida\"],\"inLanguage\":\"es-MX\",\"potentialAction\":[{\"@type\":\"CommentAction\",\"name\":\"Comment\",\"target\":[\"https:\/\/mybeepy.com\/renta-de-autos-para-empresas\/lugares-a-los-que-tienes-que-ir-antes-de-que-acabe-el-invierno\/#respond\"]}]},{\"@type\":\"WebPage\",\"@id\":\"https:\/\/mybeepy.com\/renta-de-autos-para-empresas\/lugares-a-los-que-tienes-que-ir-antes-de-que-acabe-el-invierno\/\",\"url\":\"https:\/\/mybeepy.com\/renta-de-autos-para-empresas\/lugares-a-los-que-tienes-que-ir-antes-de-que-acabe-el-invierno\/\",\"name\":\"Lugares a los que tienes que ir antes de que acabe el invierno - Beepy - Renta de Autos en M\u00e9xico\",\"isPartOf\":{\"@id\":\"https:\/\/mybeepy.com\/renta-de-autos-para-empresas\/#website\"},\"primaryImageOfPage\":{\"@id\":\"https:\/\/mybeepy.com\/renta-de-autos-para-empresas\/lugares-a-los-que-tienes-que-ir-antes-de-que-acabe-el-invierno\/#primaryimage\"},\"image\":{\"@id\":\"https:\/\/mybeepy.com\/renta-de-autos-para-empresas\/lugares-a-los-que-tienes-que-ir-antes-de-que-acabe-el-invierno\/#primaryimage\"},\"thumbnailUrl\":\"https:\/\/mybeepy.com\/wp-content\/uploads\/2023\/02\/viaje-invierno.png\",\"datePublished\":\"2023-02-28T19:00:25+00:00\",\"dateModified\":\"2023-02-28T19:01:31+00:00\",\"description\":\"Disfruta de lo que resta de la temporada fr\u00eda, guarda esta lista de los lugares a los que tienes que ir antes de que acabe el invierno.\",\"breadcrumb\":{\"@id\":\"https:\/\/mybeepy.com\/renta-de-autos-para-empresas\/lugares-a-los-que-tienes-que-ir-antes-de-que-acabe-el-invierno\/#breadcrumb\"},\"inLanguage\":\"es-MX\",\"potentialAction\":[{\"@type\":\"ReadAction\",\"target\":[\"https:\/\/mybeepy.com\/renta-de-autos-para-empresas\/lugares-a-los-que-tienes-que-ir-antes-de-que-acabe-el-invierno\/\"]}]},{\"@type\":\"ImageObject\",\"inLanguage\":\"es-MX\",\"@id\":\"https:\/\/mybeepy.com\/renta-de-autos-para-empresas\/lugares-a-los-que-tienes-que-ir-antes-de-que-acabe-el-invierno\/#primaryimage\",\"url\":\"https:\/\/mybeepy.com\/wp-content\/uploads\/2023\/02\/viaje-invierno.png\",\"contentUrl\":\"https:\/\/mybeepy.com\/wp-content\/uploads\/2023\/02\/viaje-invierno.png\",\"width\":1200,\"height\":400},{\"@type\":\"BreadcrumbList\",\"@id\":\"https:\/\/mybeepy.com\/renta-de-autos-para-empresas\/lugares-a-los-que-tienes-que-ir-antes-de-que-acabe-el-invierno\/#breadcrumb\",\"itemListElement\":[{\"@type\":\"ListItem\",\"position\":1,\"name\":\"Inicio\",\"item\":\"https:\/\/mybeepy.com\/renta-de-autos-para-empresas\/\"},{\"@type\":\"ListItem\",\"position\":2,\"name\":\"Lugares a los que tienes que ir antes de que acabe el invierno\"}]},{\"@type\":\"WebSite\",\"@id\":\"https:\/\/mybeepy.com\/renta-de-autos-para-empresas\/#website\",\"url\":\"https:\/\/mybeepy.com\/renta-de-autos-para-empresas\/\",\"name\":\"Beepy\",\"description\":\"Renta de autos para empresas y particulares | Accede a tarifas m\u00e1s competitivas y disfruta de una experiencia de viaje completamente personalizada y flexible. Con Seguro Amplio, sin costos sorpresa y sin filas. Optimiza la movilidad de tu empresa. Reserva f\u00e1cil desde nuestra app m\u00f3vil.\",\"publisher\":{\"@id\":\"https:\/\/mybeepy.com\/renta-de-autos-para-empresas\/#organization\"},\"potentialAction\":[{\"@type\":\"SearchAction\",\"target\":{\"@type\":\"EntryPoint\",\"urlTemplate\":\"https:\/\/mybeepy.com\/renta-de-autos-para-empresas\/?s={search_term_string}\"},\"query-input\":{\"@type\":\"PropertyValueSpecification\",\"valueRequired\":true,\"valueName\":\"search_term_string\"}}],\"inLanguage\":\"es-MX\"},{\"@type\":\"Organization\",\"@id\":\"https:\/\/mybeepy.com\/renta-de-autos-para-empresas\/#organization\",\"name\":\"Beepy Share\",\"url\":\"https:\/\/mybeepy.com\/renta-de-autos-para-empresas\/\",\"logo\":{\"@type\":\"ImageObject\",\"inLanguage\":\"es-MX\",\"@id\":\"https:\/\/mybeepy.com\/renta-de-autos-para-empresas\/#\/schema\/logo\/image\/\",\"url\":\"https:\/\/mybeepy.com\/wp-content\/uploads\/2024\/08\/beepy_logo-blanco-PNG.png\",\"contentUrl\":\"https:\/\/mybeepy.com\/wp-content\/uploads\/2024\/08\/beepy_logo-blanco-PNG.png\",\"width\":565,\"height\":125,\"caption\":\"Beepy Share\"},\"image\":{\"@id\":\"https:\/\/mybeepy.com\/renta-de-autos-para-empresas\/#\/schema\/logo\/image\/\"},\"sameAs\":[\"https:\/\/www.facebook.com\/mybeepy\",\"https:\/\/x.com\/MyBeepy\",\"https:\/\/www.instagram.com\/mybeepy\/\",\"https:\/\/www.tiktok.com\/@mybeepymx\"]},{\"@type\":\"Person\",\"@id\":\"https:\/\/mybeepy.com\/renta-de-autos-para-empresas\/#\/schema\/person\/b12296d8dc59f2966a17079e568b7d0f\",\"name\":\"beepy\",\"image\":{\"@type\":\"ImageObject\",\"inLanguage\":\"es-MX\",\"@id\":\"https:\/\/mybeepy.com\/renta-de-autos-para-empresas\/#\/schema\/person\/image\/\",\"url\":\"https:\/\/secure.gravatar.com\/avatar\/76ad62ba6e5d8a12db47fd1404dbf189?s=96&d=mm&r=g\",\"contentUrl\":\"https:\/\/secure.gravatar.com\/avatar\/76ad62ba6e5d8a12db47fd1404dbf189?s=96&d=mm&r=g\",\"caption\":\"beepy\"},\"url\":\"https:\/\/mybeepy.com\/renta-de-autos-para-empresas\/author\/beepy\/\"}]}<\/script>\n<!-- \/ Yoast SEO Premium plugin. -->","yoast_head_json":{"title":"Lugares a los que tienes que ir antes de que acabe el invierno - Beepy - Renta de Autos en M\u00e9xico","description":"Disfruta de lo que resta de la temporada fr\u00eda, guarda esta lista de los lugares a los que tienes que ir antes de que acabe el invierno.","robots":{"index":"index","follow":"follow","max-snippet":"max-snippet:-1","max-image-preview":"max-image-preview:large","max-video-preview":"max-video-preview:-1"},"canonical":"https:\/\/mybeepy.com\/renta-de-autos-para-empresas\/lugares-a-los-que-tienes-que-ir-antes-de-que-acabe-el-invierno\/","og_locale":"es_MX","og_type":"article","og_title":"Lugares a los que tienes que ir antes de que acabe el invierno","og_description":"Disfruta de lo que resta de la temporada fr\u00eda, guarda esta lista de los lugares a los que tienes que ir antes de que acabe el invierno.","og_url":"https:\/\/mybeepy.com\/renta-de-autos-para-empresas\/lugares-a-los-que-tienes-que-ir-antes-de-que-acabe-el-invierno\/","og_site_name":"Beepy - Renta de Autos en M\u00e9xico","article_publisher":"https:\/\/www.facebook.com\/mybeepy","article_published_time":"2023-02-28T19:00:25+00:00","article_modified_time":"2023-02-28T19:01:31+00:00","og_image":[{"width":1200,"height":400,"url":"https:\/\/mybeepy.com\/wp-content\/uploads\/2023\/02\/viaje-invierno.png","type":"image\/png"}],"author":"beepy","twitter_card":"summary_large_image","twitter_creator":"@MyBeepy","twitter_site":"@MyBeepy","twitter_misc":{"Escrito por":"beepy","Tiempo de lectura":"4 minutos"},"schema":{"@context":"https:\/\/schema.org","@graph":[{"@type":"Article","@id":"https:\/\/mybeepy.com\/renta-de-autos-para-empresas\/lugares-a-los-que-tienes-que-ir-antes-de-que-acabe-el-invierno\/#article","isPartOf":{"@id":"https:\/\/mybeepy.com\/renta-de-autos-para-empresas\/lugares-a-los-que-tienes-que-ir-antes-de-que-acabe-el-invierno\/"},"author":{"name":"beepy","@id":"https:\/\/mybeepy.com\/renta-de-autos-para-empresas\/#\/schema\/person\/b12296d8dc59f2966a17079e568b7d0f"},"headline":"Lugares a los que tienes que ir antes de que acabe el invierno","datePublished":"2023-02-28T19:00:25+00:00","dateModified":"2023-02-28T19:01:31+00:00","mainEntityOfPage":{"@id":"https:\/\/mybeepy.com\/renta-de-autos-para-empresas\/lugares-a-los-que-tienes-que-ir-antes-de-que-acabe-el-invierno\/"},"wordCount":696,"commentCount":0,"publisher":{"@id":"https:\/\/mybeepy.com\/renta-de-autos-para-empresas\/#organization"},"image":{"@id":"https:\/\/mybeepy.com\/renta-de-autos-para-empresas\/lugares-a-los-que-tienes-que-ir-antes-de-que-acabe-el-invierno\/#primaryimage"},"thumbnailUrl":"https:\/\/mybeepy.com\/wp-content\/uploads\/2023\/02\/viaje-invierno.png","keywords":["Auto","descanso","fr\u00edo","invierno","lugares","nieve","pareja","roadtrip","vacaciones","viaje"],"articleSection":["Estilo de vida"],"inLanguage":"es-MX","potentialAction":[{"@type":"CommentAction","name":"Comment","target":["https:\/\/mybeepy.com\/renta-de-autos-para-empresas\/lugares-a-los-que-tienes-que-ir-antes-de-que-acabe-el-invierno\/#respond"]}]},{"@type":"WebPage","@id":"https:\/\/mybeepy.com\/renta-de-autos-para-empresas\/lugares-a-los-que-tienes-que-ir-antes-de-que-acabe-el-invierno\/","url":"https:\/\/mybeepy.com\/renta-de-autos-para-empresas\/lugares-a-los-que-tienes-que-ir-antes-de-que-acabe-el-invierno\/","name":"Lugares a los que tienes que ir antes de que acabe el invierno - Beepy - Renta de Autos en M\u00e9xico","isPartOf":{"@id":"https:\/\/mybeepy.com\/renta-de-autos-para-empresas\/#website"},"primaryImageOfPage":{"@id":"https:\/\/mybeepy.com\/renta-de-autos-para-empresas\/lugares-a-los-que-tienes-que-ir-antes-de-que-acabe-el-invierno\/#primaryimage"},"image":{"@id":"https:\/\/mybeepy.com\/renta-de-autos-para-empresas\/lugares-a-los-que-tienes-que-ir-antes-de-que-acabe-el-invierno\/#primaryimage"},"thumbnailUrl":"https:\/\/mybeepy.com\/wp-content\/uploads\/2023\/02\/viaje-invierno.png","datePublished":"2023-02-28T19:00:25+00:00","dateModified":"2023-02-28T19:01:31+00:00","description":"Disfruta de lo que resta de la temporada fr\u00eda, guarda esta lista de los lugares a los que tienes que ir antes de que acabe el invierno.","breadcrumb":{"@id":"https:\/\/mybeepy.com\/renta-de-autos-para-empresas\/lugares-a-los-que-tienes-que-ir-antes-de-que-acabe-el-invierno\/#breadcrumb"},"inLanguage":"es-MX","potentialAction":[{"@type":"ReadAction","target":["https:\/\/mybeepy.com\/renta-de-autos-para-empresas\/lugares-a-los-que-tienes-que-ir-antes-de-que-acabe-el-invierno\/"]}]},{"@type":"ImageObject","inLanguage":"es-MX","@id":"https:\/\/mybeepy.com\/renta-de-autos-para-empresas\/lugares-a-los-que-tienes-que-ir-antes-de-que-acabe-el-invierno\/#primaryimage","url":"https:\/\/mybeepy.com\/wp-content\/uploads\/2023\/02\/viaje-invierno.png","contentUrl":"https:\/\/mybeepy.com\/wp-content\/uploads\/2023\/02\/viaje-invierno.png","width":1200,"height":400},{"@type":"BreadcrumbList","@id":"https:\/\/mybeepy.com\/renta-de-autos-para-empresas\/lugares-a-los-que-tienes-que-ir-antes-de-que-acabe-el-invierno\/#breadcrumb","itemListElement":[{"@type":"ListItem","position":1,"name":"Inicio","item":"https:\/\/mybeepy.com\/renta-de-autos-para-empresas\/"},{"@type":"ListItem","position":2,"name":"Lugares a los que tienes que ir antes de que acabe el invierno"}]},{"@type":"WebSite","@id":"https:\/\/mybeepy.com\/renta-de-autos-para-empresas\/#website","url":"https:\/\/mybeepy.com\/renta-de-autos-para-empresas\/","name":"Beepy","description":"Renta de autos para empresas y particulares | Accede a tarifas m\u00e1s competitivas y disfruta de una experiencia de viaje completamente personalizada y flexible. Con Seguro Amplio, sin costos sorpresa y sin filas. Optimiza la movilidad de tu empresa. Reserva f\u00e1cil desde nuestra app m\u00f3vil.","publisher":{"@id":"https:\/\/mybeepy.com\/renta-de-autos-para-empresas\/#organization"},"potentialAction":[{"@type":"SearchAction","target":{"@type":"EntryPoint","urlTemplate":"https:\/\/mybeepy.com\/renta-de-autos-para-empresas\/?s={search_term_string}"},"query-input":{"@type":"PropertyValueSpecification","valueRequired":true,"valueName":"search_term_string"}}],"inLanguage":"es-MX"},{"@type":"Organization","@id":"https:\/\/mybeepy.com\/renta-de-autos-para-empresas\/#organization","name":"Beepy Share","url":"https:\/\/mybeepy.com\/renta-de-autos-para-empresas\/","logo":{"@type":"ImageObject","inLanguage":"es-MX","@id":"https:\/\/mybeepy.com\/renta-de-autos-para-empresas\/#\/schema\/logo\/image\/","url":"https:\/\/mybeepy.com\/wp-content\/uploads\/2024\/08\/beepy_logo-blanco-PNG.png","contentUrl":"https:\/\/mybeepy.com\/wp-content\/uploads\/2024\/08\/beepy_logo-blanco-PNG.png","width":565,"height":125,"caption":"Beepy Share"},"image":{"@id":"https:\/\/mybeepy.com\/renta-de-autos-para-empresas\/#\/schema\/logo\/image\/"},"sameAs":["https:\/\/www.facebook.com\/mybeepy","https:\/\/x.com\/MyBeepy","https:\/\/www.instagram.com\/mybeepy\/","https:\/\/www.tiktok.com\/@mybeepymx"]},{"@type":"Person","@id":"https:\/\/mybeepy.com\/renta-de-autos-para-empresas\/#\/schema\/person\/b12296d8dc59f2966a17079e568b7d0f","name":"beepy","image":{"@type":"ImageObject","inLanguage":"es-MX","@id":"https:\/\/mybeepy.com\/renta-de-autos-para-empresas\/#\/schema\/person\/image\/","url":"https:\/\/secure.gravatar.com\/avatar\/76ad62ba6e5d8a12db47fd1404dbf189?s=96&d=mm&r=g","contentUrl":"https:\/\/secure.gravatar.com\/avatar\/76ad62ba6e5d8a12db47fd1404dbf189?s=96&d=mm&r=g","caption":"beepy"},"url":"https:\/\/mybeepy.com\/renta-de-autos-para-empresas\/author\/beepy\/"}]}},"_links":{"self":[{"href":"https:\/\/mybeepy.com\/renta-de-autos-para-empresas\/wp-json\/wp\/v2\/posts\/569"}],"collection":[{"href":"https:\/\/mybeepy.com\/renta-de-autos-para-empresas\/wp-json\/wp\/v2\/posts"}],"about":[{"href":"https:\/\/mybeepy.com\/renta-de-autos-para-empresas\/wp-json\/wp\/v2\/types\/post"}],"author":[{"embeddable":true,"href":"https:\/\/mybeepy.com\/renta-de-autos-para-empresas\/wp-json\/wp\/v2\/users\/2"}],"replies":[{"embeddable":true,"href":"https:\/\/mybeepy.com\/renta-de-autos-para-empresas\/wp-json\/wp\/v2\/comments?post=569"}],"version-history":[{"count":1,"href":"https:\/\/mybeepy.com\/renta-de-autos-para-empresas\/wp-json\/wp\/v2\/posts\/569\/revisions"}],"predecessor-version":[{"id":576,"href":"https:\/\/mybeepy.com\/renta-de-autos-para-empresas\/wp-json\/wp\/v2\/posts\/569\/revisions\/576"}],"wp:featuredmedia":[{"embeddable":true,"href":"https:\/\/mybeepy.com\/renta-de-autos-para-empresas\/wp-json\/wp\/v2\/media\/575"}],"wp:attachment":[{"href":"https:\/\/mybeepy.com\/renta-de-autos-para-empresas\/wp-json\/wp\/v2\/media?parent=569"}],"wp:term":[{"taxonomy":"category","embeddable":true,"href":"https:\/\/mybeepy.com\/renta-de-autos-para-empresas\/wp-json\/wp\/v2\/categories?post=569"},{"taxonomy":"post_tag","embeddable":true,"href":"https:\/\/mybeepy.com\/renta-de-autos-para-empresas\/wp-json\/wp\/v2\/tags?post=569"}],"curies":[{"name":"wp","href":"https:\/\/api.w.org\/{rel}","templated":true}]}}